{"id":13,"date":"2026-04-25T01:12:32","date_gmt":"2026-04-25T01:12:32","guid":{"rendered":"https:\/\/wordpress-3bjka.wasmer.app\/?p=13"},"modified":"2026-04-25T01:12:32","modified_gmt":"2026-04-25T01:12:32","slug":"el-transporte-del-futuro","status":"publish","type":"post","link":"https:\/\/wordpress-3bjka.wasmer.app\/?p=13","title":{"rendered":"El transporte del futuro"},"content":{"rendered":"\n<p>Esta noche vamos a hablar de c\u00f3mo se ver\u00e1 el transporte en el futuro. Estamos en el 2026.<\/p>\n\n\n\n<p>Investigando tan solo un poquito, encuentro que el tren bala tambi\u00e9n llegar\u00e1 a Latinoam\u00e9rica. Espec\u00edficamente a Brasil. Y s\u00ed, utilizar\u00e1 la fuerza de la levitaci\u00f3n magn\u00e9tica.<\/p>\n\n\n\n<blockquote class=\"wp-block-quote is-layout-flow wp-block-quote-is-layout-flow\">\n<p>En su fase inicial, el sistema se apoya en ruedas de caucho, pero al superar los 150 km\/h la fuerza magn\u00e9tica permite elevar la formaci\u00f3n unos 100 mil\u00edmetros, eliminando el contacto con la superficie.\u00a0<strong>Esto reduce la fricci\u00f3n y facilita alcanzar velocidades muy elevadas.<\/strong> <a href=\"https:\/\/www.cronista.com\/mexico\/actualidad-mx\/llega-el-tren-bala-a-latinoamerica-alcanzara-los-350-kmh-y-podria-convertir-a-este-pais-en-potencia-a-nivel-mundial\/\">El Cronista<\/a><\/p>\n<\/blockquote>\n\n\n\n<p>El advenimiento del electromagnetismo para el transporte es inevitable. Este tipo de locomoci\u00f3n reemplazar\u00e1 al caucho pronto.<\/p>\n\n\n\n<p>As\u00ed como pasamos de los caballos a las ruedas y de ah\u00ed a los motores de di\u00e9sel. <\/p>\n\n\n\n<p>Cuando veas uno de estos ovnis en los pr\u00f3ximos a\u00f1os simplemente te quedar\u00e1s maravillado. Una vaca p\u00farpura como hoy son los Cybertrucks en Per\u00fa.<\/p>\n\n\n\n<figure class=\"wp-block-image size-large\"><img loading=\"lazy\" decoding=\"async\" width=\"1024\" height=\"683\" src=\"https:\/\/wordpress-3bjka.wasmer.app\/wp-content\/uploads\/2026\/04\/image-1024x683.png\" alt=\"\" class=\"wp-image-14\" srcset=\"https:\/\/wordpress-3bjka.wasmer.app\/wp-content\/uploads\/2026\/04\/image-1024x683.png 1024w, https:\/\/wordpress-3bjka.wasmer.app\/wp-content\/uploads\/2026\/04\/image-300x200.png 300w, https:\/\/wordpress-3bjka.wasmer.app\/wp-content\/uploads\/2026\/04\/image-768x512.png 768w, https:\/\/wordpress-3bjka.wasmer.app\/wp-content\/uploads\/2026\/04\/image.png 1536w\" sizes=\"auto, (max-width: 1024px) 100vw, 1024px\" \/><\/figure>\n\n\n\n<p>(<a href=\"https:\/\/healthytransition.replit.app\">healthytransition.replit.app<\/a>)<\/p>\n\n\n\n<p class=\"is-style-text-subtitle is-style-text-subtitle--1\">\u00bfQu\u00e9 es lo justifica movimiento?<\/p>\n\n\n\n<p>Creo que y\u00e9ndonos hacia el pragmatismo podemos presenciar que las ambulancias y otros veh\u00edculos de primera respuesta son los que necesitan \u00abvolar\u00bb. Son los que tienen que llegar m\u00e1s r\u00e1pido y m\u00e1s seguro a sus lugares. Existe incluso la \u00abregla de 1 minuto\u00bb que dice que si se reduce en 1 minuto tal tiempo de respuesta entonces la chance de sobrevivencia incrementa 1.12 veces.<\/p>\n\n\n\n<blockquote class=\"wp-block-quote is-layout-flow wp-block-quote-is-layout-flow\">\n<p>Research from the PAROS study found that a 1-minute reduction in response time increases the likelihood of survival to hospital discharge by a factor of 1.12 times. <a href=\"https:\/\/pmc.ncbi.nlm.nih.gov\/articles\/PMC12065030\/\">PubMed Central<\/a><\/p>\n<\/blockquote>\n\n\n\n<p>Esa motivaci\u00f3n, yo creo, es la que har\u00e1 que innovaciones lleguen a los autom\u00f3viles. Probablemente pa\u00edses como Alemania, que tienen el Autobahn y adem\u00e1s tienen un sistema de transporte expl\u00edcitamente avanzado, sean los que vean primero este tipo nuevo de movilidad. Pero, \u00bfpor qu\u00e9 no pensar en imposibles? Quiz\u00e1 en Per\u00fa y Latinoam\u00e9rica lo vemos antes que en Alemania.<\/p>\n\n\n\n<h2 class=\"wp-block-heading\">Seguir investigando<\/h2>\n\n\n\n<p>Si te interesa el tema sobre manera (un poco como a m\u00ed) entonces te recomiendo buscar referencias sobre el efecto Meissner, los sensores Hall y superconductores.<\/p>\n\n\n\n<p>Alg\u00fan amigo en alg\u00fan momento me dijo que quiz\u00e1 las pr\u00f3ximas pistas sean sumamente fr\u00edas por esos superconductores. Otro tema que rosa con lo desconocido es el de la esfera de Buga que evidencia c\u00f3mo realmente puede verse el transporte en un futuro exponencial. Veh\u00edculos flotando libremente en el aire y movi\u00e9ndose como picaflores.<\/p>\n","protected":false},"excerpt":{"rendered":"<p>Esta noche vamos a hablar de c\u00f3mo se ver\u00e1 el transporte en el futuro. Estamos en el 2026. Investigando tan solo un poquito, encuentro que el tren bala tambi\u00e9n llegar\u00e1 a Latinoam\u00e9rica. Espec\u00edficamente a Brasil. Y s\u00ed, utilizar\u00e1 la fuerza de la levitaci\u00f3n magn\u00e9tica. En su fase inicial, el sistema se apoya en ruedas de [&hellip;]<\/p>\n","protected":false},"author":1,"featured_media":0,"comment_status":"open","ping_status":"open","sticky":false,"template":"","format":"standard","meta":{"footnotes":""},"categories":[1],"tags":[],"class_list":["post-13","post","type-post","status-publish","format-standard","hentry","category-uncategorized"],"_links":{"self":[{"href":"https:\/\/wordpress-3bjka.wasmer.app\/index.php?rest_route=\/wp\/v2\/posts\/13","targetHints":{"allow":["GET"]}}],"collection":[{"href":"https:\/\/wordpress-3bjka.wasmer.app\/index.php?rest_route=\/wp\/v2\/posts"}],"about":[{"href":"https:\/\/wordpress-3bjka.wasmer.app\/index.php?rest_route=\/wp\/v2\/types\/post"}],"author":[{"embeddable":true,"href":"https:\/\/wordpress-3bjka.wasmer.app\/index.php?rest_route=\/wp\/v2\/users\/1"}],"replies":[{"embeddable":true,"href":"https:\/\/wordpress-3bjka.wasmer.app\/index.php?rest_route=%2Fwp%2Fv2%2Fcomments&post=13"}],"version-history":[{"count":0,"href":"https:\/\/wordpress-3bjka.wasmer.app\/index.php?rest_route=\/wp\/v2\/posts\/13\/revisions"}],"wp:attachment":[{"href":"https:\/\/wordpress-3bjka.wasmer.app\/index.php?rest_route=%2Fwp%2Fv2%2Fmedia&parent=13"}],"wp:term":[{"taxonomy":"category","embeddable":true,"href":"https:\/\/wordpress-3bjka.wasmer.app\/index.php?rest_route=%2Fwp%2Fv2%2Fcategories&post=13"},{"taxonomy":"post_tag","embeddable":true,"href":"https:\/\/wordpress-3bjka.wasmer.app\/index.php?rest_route=%2Fwp%2Fv2%2Ftags&post=13"}],"curies":[{"name":"wp","href":"https:\/\/api.w.org\/{rel}","templated":true}]}}